{"id":6681,"date":"2026-03-09T07:58:13","date_gmt":"2026-03-09T12:58:13","guid":{"rendered":"https:\/\/vetaffairs.la.gov\/?p=6681"},"modified":"2026-03-09T10:39:06","modified_gmt":"2026-03-09T15:39:06","slug":"o-governador-jeff-landry-entregara-a-cruz-de-voo-distinta-ao-ex-sargento-tecnico-da-guarda-aerea-nacional-do-alasca-adam-brister","status":"publish","type":"post","link":"https:\/\/vetaffairs.la.gov\/pt\/governor-jeff-landry-to-present-distinguished-flying-cross-to-former-alaska-air-national-guard-technical-sergeant-adam-brister","title":{"rendered":"O governador Jeff Landry entregar\u00e1 a Cruz de Voo Distinto ao ex-sargento t\u00e9cnico da Guarda Nacional A\u00e9rea do Alasca, Adam Brister."},"content":{"rendered":"<p>PARA DIVULGA\u00c7\u00c3O IMEDIATA<\/p>\n<p>9 de mar\u00e7o de 2026<\/p>\n<p>Cerim\u00f4nia a ser realizada hoje na C\u00e2mara dos Representantes da Louisiana por volta das 13h45; membros da Guarda Nacional do Alasca viajaram para testemunhar a homenagem.<\/p>\n<p>BATON ROUGE, Louisiana \u2014 O governador Jeff Landry entregar\u00e1 a Cruz de Voo Distinto ao Sargento T\u00e9cnico Adam Brister, ex-membro da Guarda Nacional A\u00e9rea do Alasca, durante uma cerim\u00f4nia que ser\u00e1 realizada na C\u00e2mara dos Representantes da Louisiana por volta das 13h45. A cerim\u00f4nia ocorrer\u00e1 em conjunto com a abertura da sess\u00e3o legislativa de 2026, e membros da antiga unidade da Guarda Nacional A\u00e9rea do Alasca do Sargento T\u00e9cnico Brister viajaram a Baton Rouge para estar ao seu lado na ocasi\u00e3o.<\/p>\n<p>A Cruz de Voo Distinto \u00e9 concedida a membros das For\u00e7as Armadas dos Estados Unidos por hero\u00edsmo ou feitos extraordin\u00e1rios durante voos de combate. Tanto o hero\u00edsmo quanto o feito devem ser totalmente excepcionais, envolvendo opera\u00e7\u00f5es que n\u00e3o sejam rotineiras. A condecora\u00e7\u00e3o foi concedida pela primeira vez ao Capit\u00e3o Charles A. Lindbergh ap\u00f3s seu hist\u00f3rico voo solo transatl\u00e2ntico de 5.800 quil\u00f4metros (3.600 milhas) em 1927.<\/p>\n<p>O Sargento T\u00e9cnico Brister recebeu a honraria por um extraordin\u00e1rio ato de bravura em 23 de junho de 2018, na Cordilheira Neacola, no Alasca. Sua equipe tinha a miss\u00e3o de resgatar um alpinista gravemente ferido, suspenso por uma corda ap\u00f3s uma queda de 30 metros em um penhasco de 1.676 metros. As condi\u00e7\u00f5es clim\u00e1ticas impediam uma tentativa de i\u00e7amento, ent\u00e3o o Sargento T\u00e9cnico Brister foi inserido na geleira abaixo do sobrevivente e escalou um corredor de neve adjacente em dire\u00e7\u00e3o ao alpinista em perigo. Quando uma breve abertura na camada de nuvens permitiu, a tripula\u00e7\u00e3o do helic\u00f3ptero resgatou o Sargento T\u00e9cnico Brister e iniciou um i\u00e7amento noturno em grande altitude. Aproximando-se do paciente com visibilidade limitada, no limite da pot\u00eancia da aeronave e com as p\u00e1s do rotor a apenas um metro da face do penhasco, o Sargento T\u00e9cnico Brister foi i\u00e7ado a 27 metros at\u00e9 uma plataforma de 12 cent\u00edmetros. Em um esfor\u00e7o herc\u00faleo, ele ergueu a corda do alpinista e o conectou inconsciente ao seu pr\u00f3prio arn\u00eas de resgate. Quando uma forte turbul\u00eancia emaranhou a corda durante o i\u00e7amento, o Sargento T\u00e9cnico Brister segurou o paciente enquanto cortava a corda presa, salvando tanto o sobrevivente quanto o helic\u00f3ptero. Em seguida, ele prestou atendimento m\u00e9dico avan\u00e7ado durante todo o voo, salvando a vida do paciente.<\/p>\n<p>A cerim\u00f4nia contar\u00e1 tamb\u00e9m com a presen\u00e7a do Deputado Ventrella, da esposa do Sargento T\u00e9cnico Brister e de um membro da Assembleia Legislativa da Louisiana, bem como de altos funcion\u00e1rios militares e estaduais.<br \/>\nincluindo o Secret\u00e1rio de Assuntos de Veteranos Charlton Meginley, o Major General Greer e o Coronel Romspert.<\/p>\n<p>\u201cEm nome do Departamento de Assuntos de Veteranos da Louisiana, quero expressar nossa mais profunda gratid\u00e3o ao Governador Landry por ter reservado um tempo para homenagear pessoalmente o Sargento T\u00e9cnico Brister com este reconhecimento t\u00e3o merecido. Tamb\u00e9m somos imensamente gratos aos membros da Guarda Nacional do Alasca que viajaram t\u00e3o longe para estarem aqui hoje \u2014 a presen\u00e7a de voc\u00eas diz muito sobre o car\u00e1ter daqueles que servem. Gostaria tamb\u00e9m de reconhecer o Deputado Ventrella, cuja liga\u00e7\u00e3o com o Sargento T\u00e9cnico Brister nos lembra que os la\u00e7os de servi\u00e7o e fam\u00edlia s\u00e3o muito fortes neste estado. A coragem do Sargento T\u00e9cnico Brister sob as condi\u00e7\u00f5es mais extremas \u00e9 um testemunho de tudo o que prezamos em nossos veteranos, e \u00e9 uma honra homenage\u00e1-lo hoje\u201d, disse Charlton Meginley, Secret\u00e1rio do Departamento de Assuntos de Veteranos da Louisiana e Coronel aposentado da For\u00e7a A\u00e9rea dos Estados Unidos.<\/p>\n<p>Acesse https:\/\/vetaffairs.la.gov\/news para conferir os comunicados, fotos e v\u00eddeos mais recentes do Departamento de Assuntos de Veteranos da Louisiana.<br \/>\n###<\/p>","protected":false},"excerpt":{"rendered":"<p>PARA DIVULGA\u00c7\u00c3O IMEDIATA 9 de mar\u00e7o de 2026 Cerim\u00f4nia a ser realizada hoje na C\u00e2mara dos Representantes da Louisiana por volta das 13h45;\u2026<\/p>","protected":false},"author":11,"featured_media":0,"comment_status":"closed","ping_status":"closed","sticky":false,"template":"","format":"standard","meta":{"_acf_changed":false,"footnotes":"","_links_to":"","_links_to_target":""},"categories":[25,1,16],"tags":[75,203],"class_list":["post-6681","post","type-post","status-publish","format-standard","hentry","category-events","category-news","category-stories","tag-events","tag-news"],"acf":[],"_links":{"self":[{"href":"https:\/\/vetaffairs.la.gov\/pt\/wp-json\/wp\/v2\/posts\/6681","targetHints":{"allow":["GET"]}}],"collection":[{"href":"https:\/\/vetaffairs.la.gov\/pt\/wp-json\/wp\/v2\/posts"}],"about":[{"href":"https:\/\/vetaffairs.la.gov\/pt\/wp-json\/wp\/v2\/types\/post"}],"author":[{"embeddable":true,"href":"https:\/\/vetaffairs.la.gov\/pt\/wp-json\/wp\/v2\/users\/11"}],"replies":[{"embeddable":true,"href":"https:\/\/vetaffairs.la.gov\/pt\/wp-json\/wp\/v2\/comments?post=6681"}],"version-history":[{"count":0,"href":"https:\/\/vetaffairs.la.gov\/pt\/wp-json\/wp\/v2\/posts\/6681\/revisions"}],"wp:attachment":[{"href":"https:\/\/vetaffairs.la.gov\/pt\/wp-json\/wp\/v2\/media?parent=6681"}],"wp:term":[{"taxonomy":"category","embeddable":true,"href":"https:\/\/vetaffairs.la.gov\/pt\/wp-json\/wp\/v2\/categories?post=6681"},{"taxonomy":"post_tag","embeddable":true,"href":"https:\/\/vetaffairs.la.gov\/pt\/wp-json\/wp\/v2\/tags?post=6681"}],"curies":[{"name":"wp","href":"https:\/\/api.w.org\/{rel}","templated":true}]}}