{"id":5173,"date":"2024-09-06T12:15:56","date_gmt":"2024-09-06T17:15:56","guid":{"rendered":"https:\/\/vetaffairs.la.gov\/?p=5173"},"modified":"2025-06-30T15:21:47","modified_gmt":"2025-06-30T20:21:47","slug":"dia-da-familia-estrela-dourada-2024","status":"publish","type":"post","link":"https:\/\/vetaffairs.la.gov\/pt\/gold-star-family-day-2024","title":{"rendered":"Dia da Fam\u00edlia Estrela Dourada 2024"},"content":{"rendered":"<p>Departamento de Assuntos de Veteranos da Louisiana<br \/>\nSecret\u00e1rio Charlton Meginley, Coronel (Ret.), For\u00e7a A\u00e9rea dos EUA<br \/>\ne as M\u00e3es da Estrela Azul da Louisiana convidam voc\u00ea a participar<\/p>\n<p>Dia da Fam\u00edlia Estrela Dourada<\/p>\n<p>S\u00e1bado, 28 de setembro de 2024 \u00b7 10h.<br \/>\nParque Memorial dos Veteranos da Louisiana<br \/>\nadjacente ao Capit\u00f3lio Estadual<\/p>\n<p>Junte-se a n\u00f3s para uma cerim\u00f4nia em homenagem \u00e0s fam\u00edlias Gold Star da Louisiana, seguida de um almo\u00e7o piquenique gratuito e confraterniza\u00e7\u00e3o.<\/p>\n<p>Estacionamento dispon\u00edvel no endere\u00e7o 300 Capitol Access Road e no estacionamento da seguradora na North Fifth Street.<\/p>\n<p>Confirma\u00e7\u00e3o de presen\u00e7a obrigat\u00f3ria at\u00e9 sexta-feira, 20 de setembro, pelo e-mail veteran@la.gov ou pelo telefone 225.219.5005.<\/p>","protected":false},"excerpt":{"rendered":"<p>O Secret\u00e1rio do Departamento de Assuntos de Veteranos da Louisiana, Coronel (Ret.) Charlton Meginley, da For\u00e7a A\u00e9rea dos EUA, e as M\u00e3es da Estrela Azul da Louisiana convidam voc\u00ea\u2026<\/p>","protected":false},"author":10,"featured_media":5174,"comment_status":"closed","ping_status":"closed","sticky":false,"template":"","format":"standard","meta":{"_acf_changed":false,"footnotes":"","_links_to":"","_links_to_target":""},"categories":[25,1],"tags":[75],"class_list":["post-5173","post","type-post","status-publish","format-standard","has-post-thumbnail","hentry","category-events","category-news","tag-events"],"acf":[],"_links":{"self":[{"href":"https:\/\/vetaffairs.la.gov\/pt\/wp-json\/wp\/v2\/posts\/5173","targetHints":{"allow":["GET"]}}],"collection":[{"href":"https:\/\/vetaffairs.la.gov\/pt\/wp-json\/wp\/v2\/posts"}],"about":[{"href":"https:\/\/vetaffairs.la.gov\/pt\/wp-json\/wp\/v2\/types\/post"}],"author":[{"embeddable":true,"href":"https:\/\/vetaffairs.la.gov\/pt\/wp-json\/wp\/v2\/users\/10"}],"replies":[{"embeddable":true,"href":"https:\/\/vetaffairs.la.gov\/pt\/wp-json\/wp\/v2\/comments?post=5173"}],"version-history":[{"count":0,"href":"https:\/\/vetaffairs.la.gov\/pt\/wp-json\/wp\/v2\/posts\/5173\/revisions"}],"wp:featuredmedia":[{"embeddable":true,"href":"https:\/\/vetaffairs.la.gov\/pt\/wp-json\/wp\/v2\/media\/5174"}],"wp:attachment":[{"href":"https:\/\/vetaffairs.la.gov\/pt\/wp-json\/wp\/v2\/media?parent=5173"}],"wp:term":[{"taxonomy":"category","embeddable":true,"href":"https:\/\/vetaffairs.la.gov\/pt\/wp-json\/wp\/v2\/categories?post=5173"},{"taxonomy":"post_tag","embeddable":true,"href":"https:\/\/vetaffairs.la.gov\/pt\/wp-json\/wp\/v2\/tags?post=5173"}],"curies":[{"name":"wp","href":"https:\/\/api.w.org\/{rel}","templated":true}]}}