{"id":6760,"date":"2026-04-30T09:34:59","date_gmt":"2026-04-30T14:34:59","guid":{"rendered":"https:\/\/vetaffairs.la.gov\/?p=6760"},"modified":"2026-04-30T11:44:29","modified_gmt":"2026-04-30T16:44:29","slug":"sur-les-geaux-avec-ldva-printemps-2026-numero-1","status":"publish","type":"post","link":"https:\/\/vetaffairs.la.gov\/fr\/on-the-geaux-with-ldva-spring-2026-issue-1","title":{"rendered":"En route avec LDVA \u2014 Printemps 2026, num\u00e9ro 1"},"content":{"rendered":"<p><!DOCTYPE html PUBLIC \"-\/\/W3C\/\/DTD XHTML 1.0 Transitional\/\/EN\" \"http:\/\/www.w3.org\/TR\/xhtml1\/DTD\/xhtml1-transitional.dtd\"><br \/>\n<html xmlns=\"http:\/\/www.w3.org\/1999\/xhtml\"><br \/>\n<head><br \/>\n  <meta http-equiv=\"Content-Type\" content=\"text\/html; charset=UTF-8\"><br \/>\n  <meta name=\"viewport\" content=\"width=device-width, initial-scale=1.0\"><br \/>\n  <title>En route avec LDVA \u2013 Num\u00e9ro 01, Printemps 2026<\/title><br \/>\n<\/head><br \/>\n<body style=\"margin:0; padding:0; background-color:#e8edf2; font-family:Arial,Helvetica,sans-serif;\"><\/p>\n<p><!-- WRAPPER --><\/p>\n<table width=\"100%\" border=\"0\" cellpadding=\"0\" cellspacing=\"0\" bgcolor=\"#e8edf2\">\n<tr>\n<td align=\"center\" style=\"padding:20px 0;\">\n<p><!-- EMAIL CONTAINER --><\/p>\n<table width=\"600\" border=\"0\" cellpadding=\"0\" cellspacing=\"0\" bgcolor=\"#ffffff\" style=\"max-width:600px;\">\n<p>  <!-- HEADER --><\/p>\n<tr>\n<td bgcolor=\"#273446\" style=\"padding:16px 24px;\">\n<table width=\"100%\" border=\"0\" cellpadding=\"0\" cellspacing=\"0\">\n<tr>\n<td width=\"80\" valign=\"middle\">\n            <img decoding=\"async\" src=\"https:\/\/vetaffairs.la.gov\/wp-content\/uploads\/2026\/04\/LOGO-ldva-WHITE_vertical.png\" alt=\"Logo LDVA\" width=\"70\" style=\"display:block;\">\n          <\/td>\n<td valign=\"middle\" style=\"padding-left:12px;\">\n<div style=\"font-size:9px; font-weight:normal; letter-spacing:2px; text-transform:uppercase; color:#9bc8e8; margin-bottom:2px;\">Sur le<\/div>\n<div style=\"font-size:24px; color:#ffffff; font-family:Arial,Helvetica,sans-serif; line-height:1; font-weight:300;\">Geaux <strong style=\"font-weight:900; color:#1EA6EB;\">avec LDVA<\/strong><\/div>\n<div style=\"font-size:8px; letter-spacing:2px; text-transform:uppercase; color:#9bc8e8; margin-top:3px;\">D\u00e9partement des affaires des anciens combattants de la Louisiane<\/div>\n<\/td>\n<td valign=\"middle\" align=\"right\">\n<div style=\"font-size:8px; font-weight:bold; letter-spacing:1.5px; text-transform:uppercase; color:#1EA6EB;\">Num\u00e9ro 01 \u00b7 Printemps 2026<\/div>\n<div style=\"font-size:11px; color:#ccd8e4; margin-top:2px;\">Avril \u2014 mai 2026<\/div>\n<\/td>\n<\/tr>\n<\/table>\n<\/td>\n<\/tr>\n<p>  <!-- RED RULE --><\/p>\n<tr>\n<td bgcolor=\"#9D1728\" height=\"3\" style=\"font-size:0; line-height:0;\">&nbsp;<\/td>\n<\/tr>\n<p>  <!-- TAGLINE --><\/p>\n<tr>\n<td bgcolor=\"#2e3d52\" style=\"padding:10px 24px; text-align:center;\">\n      <span style=\"font-family:Georgia,serif; font-style:italic; font-size:12px; color:#afc4d6;\">Informer, connecter et accompagner les v\u00e9t\u00e9rans de Louisiane vers l&#039;avenir<\/span>\n    <\/td>\n<\/tr>\n<p>  <!-- PHOTO ROW --><\/p>\n<tr>\n<td style=\"padding:0; font-size:0; line-height:0;\">\n<table width=\"100%\" border=\"0\" cellpadding=\"0\" cellspacing=\"0\">\n<tr>\n<td width=\"200\" style=\"position:relative;\">\n            <a href=\"https:\/\/vetaffairs.la.gov\/fr\/74-veterans-de-louisiane-rentrent-chez-eux-apres-un-voyage-organise-par-honor-flight-a-washington-d-c\/\" style=\"text-decoration:none; display:block;\"><br \/>\n              <img decoding=\"async\" src=\"https:\/\/vetaffairs.la.gov\/wp-content\/uploads\/2026\/04\/668835709_10165529048106388_3705738231911602907_n.jpg\" width=\"200\" height=\"160\" alt=\"Les anciens combattants dans la communaut\u00e9\" style=\"display:block; object-fit:cover; width:200px; height:160px;\"><\/p>\n<div style=\"background:rgba(0,0,0,0.5); text-align:center; padding:6px 4px; font-size:8px; font-weight:bold; letter-spacing:1.5px; text-transform:uppercase; color:#ffffff; font-family:Arial,Helvetica,sans-serif;\">Les anciens combattants dans la communaut\u00e9<\/div>\n<p>            <\/a>\n          <\/td>\n<td width=\"200\" style=\"position:relative;\">\n            <a href=\"https:\/\/vetaffairs.la.gov\/fr\/le-gouverneur-jeff-landry-remettra-la-distinguished-flying-cross-a-lancien-sergent-chef-technique-de-la-garde-nationale-aerienne-de-lalaska-adam-brister\/\" style=\"text-decoration:none; display:block;\"><br \/>\n              <img decoding=\"async\" src=\"https:\/\/vetaffairs.la.gov\/wp-content\/uploads\/2026\/04\/Y40A5772-scaled.jpg\" width=\"200\" height=\"160\" alt=\"\u00c9v\u00e9nements et \u00e9tapes cl\u00e9s de LDVA\" style=\"display:block; object-fit:cover; width:200px; height:160px;\"><\/p>\n<div style=\"background:rgba(157,23,40,0.85); text-align:center; padding:6px 4px; font-size:8px; font-weight:bold; letter-spacing:1.5px; text-transform:uppercase; color:#ffffff; font-family:Arial,Helvetica,sans-serif;\">\u00c9v\u00e9nements et \u00e9tapes cl\u00e9s de LDVA<\/div>\n<p>            <\/a>\n          <\/td>\n<td width=\"200\" style=\"position:relative;\">\n            <a href=\"https:\/\/vetaffairs.la.gov\/fr\/evenements\/\" style=\"text-decoration:none; display:block;\"><br \/>\n              <img decoding=\"async\" src=\"https:\/\/vetaffairs.la.gov\/wp-content\/uploads\/2026\/04\/Hero-Hump.jpg\" width=\"200\" height=\"160\" alt=\"Perspectives d&#039;avenir\" style=\"display:block; object-fit:cover; width:200px; height:160px;\"><\/p>\n<div style=\"background:rgba(30,166,235,0.85); text-align:center; padding:6px 4px; font-size:8px; font-weight:bold; letter-spacing:1.5px; text-transform:uppercase; color:#ffffff; font-family:Arial,Helvetica,sans-serif;\">Perspectives d&#039;avenir<\/div>\n<p>            <\/a>\n          <\/td>\n<\/tr>\n<\/table>\n<\/td>\n<\/tr>\n<p>  <!-- SECRETARY MESSAGE --><\/p>\n<tr>\n<td bgcolor=\"#f4f7f9\" style=\"padding:24px 28px; border-bottom:1px solid #dde4eb;\">\n<table width=\"100%\" border=\"0\" cellpadding=\"0\" cellspacing=\"0\">\n<tr>\n<td width=\"100\" valign=\"top\" align=\"center\">\n            <img loading=\"lazy\" decoding=\"async\" src=\"https:\/\/vetaffairs.la.gov\/wp-content\/uploads\/2026\/04\/LSUA-Tank-Dedication-Col-Speaking.jpg\" width=\"80\" height=\"80\" alt=\"Secr\u00e9taire Meginley\" style=\"display:block; border-radius:50%; border:3px solid #9D1728; width:80px; height:80px; object-fit:cover;\"><\/p>\n<div style=\"font-size:8px; font-weight:bold; letter-spacing:0.5px; color:#1EA6EB; text-align:center; line-height:1.4; text-transform:uppercase; margin-top:6px;\">Colonel Charlton<br \/>Meginley, USAF (\u00e0 la retraite)<br \/>Secr\u00e9taire, LDVA<\/div>\n<\/td>\n<td valign=\"top\" style=\"padding-left:18px;\">\n<div style=\"display:inline-block; background:#1EA6EB; color:#ffffff; font-size:8px; font-weight:bold; letter-spacing:1.5px; text-transform:uppercase; padding:3px 8px; border-radius:2px; margin-bottom:8px;\">Message du secr\u00e9taire<\/div>\n<div style=\"font-size:18px; font-weight:bold; color:#273446; line-height:1.2; margin-bottom:2px; font-family:Arial,Helvetica,sans-serif;\">Un message de la part de<br \/><span style=\"color:#1EA6EB;\">C\u0153ur de la Louisiane<\/span><\/div>\n<p style=\"font-size:12px; line-height:1.7; color:#4a5f72; margin:10px 0 0 0; font-family:Arial,Helvetica,sans-serif;\">\u00c0 nos anciens combattants, \u00e0 leurs familles et \u00e0 tous les Louisianais, ce bulletin vous est destin\u00e9. Au D\u00e9partement des affaires des anciens combattants de Louisiane, nous sommes chaque jour anim\u00e9s par un seul objectif\u00a0: honorer et servir ceux qui ont donn\u00e9 leur vie pour notre \u00c9tat et notre nation.<\/p>\n<p style=\"font-size:12px; line-height:1.7; color:#4a5f72; margin:8px 0 0 0; font-family:Arial,Helvetica,sans-serif;\">Ce printemps a d\u00e9j\u00e0 \u00e9t\u00e9 marqu\u00e9 par de forts moments de reconnaissance\u00a0: d\u2019un voyage d\u2019honneur \u00e0 Washington, D.C. \u00e0 la mise \u00e0 l\u2019honneur des employ\u00e9s v\u00e9t\u00e9rans au sein des marques les plus embl\u00e9matiques de Louisiane. Ces histoires nous rappellent que l\u2019engagement ne s\u2019arr\u00eate pas au moment de quitter l\u2019uniforme.<\/p>\n<p style=\"font-size:12px; line-height:1.7; color:#4a5f72; margin:8px 0 0 0; font-family:Arial,Helvetica,sans-serif;\">Nous restons d\u00e9termin\u00e9s \u00e0 atteindre chaque ancien combattant dans chaque paroisse, car vous l&#039;avez m\u00e9rit\u00e9, et nous sommes l\u00e0 pour vous.<\/p>\n<div style=\"margin-top:12px;\">\n              <strong style=\"display:block; font-size:12px; font-weight:bold; color:#273446; font-family:Arial,Helvetica,sans-serif;\">Charlton Meginley<\/strong><br \/>\n              <span style=\"font-size:10px; color:#7a90a3; font-family:Arial,Helvetica,sans-serif;\">Secr\u00e9taire du D\u00e9partement des affaires des anciens combattants de la Louisiane \u00b7 Colonel, USAF (\u00e0 la retraite)<\/span>\n            <\/div>\n<\/td>\n<\/tr>\n<\/table>\n<\/td>\n<\/tr>\n<p>  <!-- STORY HIGHLIGHTS HEADER --><\/p>\n<tr>\n<td bgcolor=\"#273446\" style=\"padding:10px 20px;\">\n<table width=\"100%\" border=\"0\" cellpadding=\"0\" cellspacing=\"0\">\n<tr>\n<td style=\"font-size:10px; font-weight:bold; letter-spacing:2px; text-transform:uppercase; color:#ffffff; font-family:Arial,Helvetica,sans-serif; white-space:nowrap;\">Points saillants de l&#039;article<\/td>\n<td style=\"padding:0 12px;\">\n<hr style=\"border:none; border-top:1px solid #9D1728; margin:0;\"><\/td>\n<td style=\"font-size:10px; font-weight:bold; letter-spacing:2px; text-transform:uppercase; color:#1EA6EB; font-family:Arial,Helvetica,sans-serif; white-space:nowrap;\">Au point<\/td>\n<\/tr>\n<\/table>\n<\/td>\n<\/tr>\n<p>  <!-- STORIES ROW --><\/p>\n<tr>\n<td style=\"padding:0; border-bottom:1px solid #dde4eb;\">\n<table width=\"100%\" border=\"0\" cellpadding=\"0\" cellspacing=\"0\">\n<tr valign=\"top\">\n<p>          <!-- LOOKING BACK: Honor Flight --><\/p>\n<td width=\"300\" style=\"border-right:1px solid #dde4eb;\" valign=\"top\">\n            <img loading=\"lazy\" decoding=\"async\" src=\"https:\/\/vetaffairs.la.gov\/wp-content\/uploads\/2026\/04\/670866131_10165529049291388_8024858095251511107_n.jpg\" width=\"300\" height=\"130\" alt=\"Honor Flight\" style=\"display:block; width:300px; height:130px; object-fit:cover;\"><\/p>\n<table width=\"100%\" border=\"0\" cellpadding=\"14\" cellspacing=\"0\">\n<tr>\n<td>\n<div style=\"font-size:8px; font-weight:bold; letter-spacing:1.5px; text-transform:uppercase; color:#9D1728; margin-bottom:6px; font-family:Arial,Helvetica,sans-serif;\">\u25a0 Retour sur le pass\u00e9<\/div>\n<div style=\"font-size:13px; font-weight:bold; color:#273446; line-height:1.3; margin-bottom:8px; font-family:Arial,Helvetica,sans-serif;\">La secr\u00e9taire Meginley se joint aux v\u00e9t\u00e9rans de la Louisiane pour un vol d&#039;honneur \u00e0 destination de Washington, D.C.<\/div>\n<p style=\"font-size:11px; line-height:1.65; color:#5a6e80; margin:0 0 10px 0; font-family:Arial,Helvetica,sans-serif;\">Le 11 avril 2026, le secr\u00e9taire Charlton Meginley a accompagn\u00e9 b\u00e9n\u00e9volement un v\u00e9t\u00e9ran de Louisiane \u00e0 bord d&#039;un vol Honor Flight au d\u00e9part de l&#039;a\u00e9roport m\u00e9tropolitain de Baton Rouge. Ce dernier s&#039;est rendu \u00e0 Washington, D.C. pour visiter les monuments comm\u00e9moratifs nationaux d\u00e9di\u00e9s \u00e0 son service et \u00e0 son sacrifice. Honor Flight est une organisation nationale \u00e0 but non lucratif qui transporte gratuitement les v\u00e9t\u00e9rans vers leurs monuments comm\u00e9moratifs, la priorit\u00e9 \u00e9tant accord\u00e9e aux v\u00e9t\u00e9rans les plus \u00e2g\u00e9s et \u00e0 ceux atteints d&#039;une maladie en phase terminale. \u201c\u00a0Pouvoir me tenir aux c\u00f4t\u00e9s d&#039;un de nos compatriotes de Louisiane devant les monuments comm\u00e9moratifs \u00e9rig\u00e9s en son honneur est l&#039;un des plus grands privil\u00e8ges de ma fonction\u00a0\u201d, a d\u00e9clar\u00e9 le secr\u00e9taire Meginley. \u201c\u00a0Ce n&#039;est pas une obligation, c&#039;est un honneur.\u00a0\u201d<\/p>\n<p>                <a href=\"https:\/\/vetaffairs.la.gov\/fr\/74-veterans-de-louisiane-rentrent-chez-eux-apres-un-voyage-organise-par-honor-flight-a-washington-d-c\/\" style=\"display:inline-block; background:#9D1728; color:#ffffff; font-size:9px; font-weight:bold; letter-spacing:1px; text-transform:uppercase; padding:7px 14px; text-decoration:none; border-radius:2px; font-family:Arial,Helvetica,sans-serif;\">Lire l&#039;article complet<\/a>\n              <\/td>\n<\/tr>\n<\/table>\n<\/td>\n<p>          <!-- COMING UP: Tabasco --><\/p>\n<td width=\"300\" valign=\"top\">\n            <img loading=\"lazy\" decoding=\"async\" src=\"https:\/\/vetaffairs.la.gov\/wp-content\/uploads\/2026\/04\/Tabasco.jpg\" width=\"300\" height=\"130\" alt=\"Si\u00e8ge social de TABASCO\" style=\"display:block; width:300px; height:130px; object-fit:cover;\"><\/p>\n<table width=\"100%\" border=\"0\" cellpadding=\"14\" cellspacing=\"0\">\n<tr>\n<td>\n<div style=\"font-size:8px; font-weight:bold; letter-spacing:1.5px; text-transform:uppercase; color:#1EA6EB; margin-bottom:6px; font-family:Arial,Helvetica,sans-serif;\">\u25a0 \u00c0 venir<\/div>\n<div style=\"font-size:13px; font-weight:bold; color:#273446; line-height:1.3; margin-bottom:8px; font-family:Arial,Helvetica,sans-serif;\">La secr\u00e9taire Meginley rendra hommage aux anciens combattants au si\u00e8ge social de TABASCO\u00ae sur l&#039;\u00eele d&#039;Avery.<\/div>\n<p style=\"font-size:11px; line-height:1.65; color:#5a6e80; margin:0 0 10px 0; font-family:Arial,Helvetica,sans-serif;\">Le 30 avril 2026, le secr\u00e9taire Charlton Meginley remettra la M\u00e9daille d&#039;honneur de la Louisiane \u00e0 sept employ\u00e9s v\u00e9t\u00e9rans de la soci\u00e9t\u00e9 McIlhenny au si\u00e8ge social de TABASCO\u00ae sur l&#039;\u00eele d&#039;Avery \u00e0 13h00. Le m\u00eame matin, M. Meginley participera \u00e9galement \u00e0 l&#039;\u00e9mission Moon Griffon Show pour parler de la c\u00e9r\u00e9monie et du travail men\u00e9 par le D\u00e9partement des anciens combattants de la Louisiane (LDVA) en faveur des v\u00e9t\u00e9rans de l&#039;\u00c9tat. La M\u00e9daille d&#039;honneur de la Louisiane r\u00e9compense les v\u00e9t\u00e9rans pour leur d\u00e9vouement et leurs sacrifices, et cette c\u00e9r\u00e9monie t\u00e9moigne de l&#039;engagement du LDVA \u00e0 collaborer avec les employeurs qui valorisent et embauchent les anciens combattants.<\/p>\n<p>                <a href=\"https:\/\/vetaffairs.la.gov\/fr\/la-secretaire-meginley-rendra-hommage-a-sept-employes-veterans-au-siege-social-de-tabasco-sur-lile-davery\/\" style=\"display:inline-block; background:#1EA6EB; color:#ffffff; font-size:9px; font-weight:bold; letter-spacing:1px; text-transform:uppercase; padding:7px 14px; text-decoration:none; border-radius:2px; font-family:Arial,Helvetica,sans-serif;\">Apprendre encore plus<\/a>\n              <\/td>\n<\/tr>\n<\/table>\n<\/td>\n<\/tr>\n<\/table>\n<\/td>\n<\/tr>\n<p>  <!-- DID YOU KNOW --><\/p>\n<tr>\n<td style=\"background:#1EA6EB; padding:24px 20px;\">\n<table width=\"100%\" border=\"0\" cellpadding=\"0\" cellspacing=\"0\">\n<tr valign=\"top\">\n<td width=\"50\" valign=\"top\">\n<div style=\"width:44px; height:44px; background:rgba(255,255,255,0.2); border-radius:50%; text-align:center; line-height:44px; font-size:22px; color:#ffffff;\">\u24d8<\/div>\n<\/td>\n<td style=\"padding-left:14px;\">\n<div style=\"font-size:8px; font-weight:bold; letter-spacing:2px; text-transform:uppercase; color:rgba(255,255,255,0.7); margin-bottom:4px; font-family:Arial,Helvetica,sans-serif;\">Saviez-vous?<\/div>\n<div style=\"font-size:17px; font-weight:bold; color:#ffffff; line-height:1.2; margin-bottom:8px; font-family:Arial,Helvetica,sans-serif;\">Votre conseiller en prestations sociales est d\u00e9j\u00e0 dans votre paroisse et c&#039;est gratuit.<\/div>\n<p style=\"font-size:12px; line-height:1.65; color:rgba(255,255,255,0.9); margin:0 0 12px 0; font-family:Arial,Helvetica,sans-serif;\">Les conseillers aux anciens combattants du LDVA (Los Louisiane Department of Veterans Assistance Counselors - LDVA) sont des experts agr\u00e9\u00e9s par l&#039;\u00c9tat en mati\u00e8re de prestations sociales et sont pr\u00e9sents dans chaque paroisse de Louisiane. Ils peuvent vous aider \u00e0 constituer votre dossier de demande, \u00e0 vous y retrouver parmi les prestations f\u00e9d\u00e9rales du D\u00e9partement des affaires des anciens combattants (VA) et \u00e0 acc\u00e9der aux programmes auxquels vous avez droit, m\u00eame si vous n&#039;en avez pas connaissance. Ce service est enti\u00e8rement gratuit. Dans de nombreux centres, aucun rendez-vous n&#039;est n\u00e9cessaire. Vos prestations vous attendent et votre conseiller est d\u00e9j\u00e0 \u00e0 proximit\u00e9.<\/p>\n<p>            <a href=\"https:\/\/vetaffairs.la.gov\/fr\/lieux\/\" style=\"display:inline-block; background:#273446; color:#ffffff; font-size:9px; font-weight:bold; letter-spacing:1px; text-transform:uppercase; padding:8px 16px; text-decoration:none; border-radius:2px; font-family:Arial,Helvetica,sans-serif;\">Trouvez votre bureau paroissial \u2192<\/a>\n          <\/td>\n<\/tr>\n<\/table>\n<\/td>\n<\/tr>\n<p>  <!-- LEGISLATION HEADER --><\/p>\n<tr>\n<td bgcolor=\"#ffffff\" style=\"padding:22px 24px 0 24px;\">\n<table width=\"100%\" border=\"0\" cellpadding=\"0\" cellspacing=\"0\">\n<tr valign=\"middle\">\n<td width=\"40\">\n<div style=\"width:36px; height:36px; background:#273446; border-radius:50%; text-align:center; line-height:36px; color:#ffffff; font-size:18px;\">\u2630<\/div>\n<\/td>\n<td style=\"padding-left:12px;\">\n<div style=\"font-size:15px; font-weight:bold; color:#273446; font-family:Arial,Helvetica,sans-serif;\">L\u00e9gislation et plaidoyer<\/div>\n<div style=\"font-size:10px; color:#7a90a3; font-family:Arial,Helvetica,sans-serif;\">Nouvelles de Baton Rouge et de Washington, D.C.<\/div>\n<\/td>\n<\/tr>\n<\/table>\n<\/td>\n<\/tr>\n<p>  <!-- SB51 --><\/p>\n<tr>\n<td bgcolor=\"#ffffff\" style=\"padding:10px 24px; border-bottom:1px solid #eef1f4;\">\n<table width=\"100%\" border=\"0\" cellpadding=\"0\" cellspacing=\"0\">\n<tr valign=\"top\">\n<td width=\"16\">\n<div style=\"width:10px; height:10px; background:#e09120; border-radius:50%; margin-top:4px;\">&nbsp;<\/div>\n<\/td>\n<td style=\"padding-left:10px;\">\n<div style=\"font-size:12px; font-weight:bold; color:#273446; font-family:Arial,Helvetica,sans-serif;\">SB 51 \u2014 Le vol de titres militaires deviendrait un crime en Louisiane &nbsp;<span style=\"font-size:7px; font-weight:bold; letter-spacing:1px; text-transform:uppercase; background:#fdecd3; color:#a06010; padding:2px 6px; border-radius:2px;\">En attente<\/span><\/div>\n<p style=\"font-size:11px; color:#5a6e80; margin:4px 0 0 0; line-height:1.55; font-family:Arial,Helvetica,sans-serif;\">Le projet de loi 51 du S\u00e9nat, d\u00e9fendu par la secr\u00e9taire Meginley et r\u00e9dig\u00e9 par le s\u00e9nateur Caleb Kleinpeter, a \u00e9t\u00e9 adopt\u00e9 \u00e0 l&#039;unanimit\u00e9 par le S\u00e9nat de Louisiane le 17 mars 2026 et est actuellement examin\u00e9 par la Chambre des repr\u00e9sentants. Ce projet de loi instaure un syst\u00e8me de sanctions p\u00e9nales progressives pour toute d\u00e9claration frauduleuse de service militaire ou de d\u00e9corations militaires non m\u00e9rit\u00e9es. Les peines vont d&#039;une amende de 1\u00a0000\u00a0$ pour une simple fausse d\u00e9claration \u00e0 une amende de 10\u00a0000\u00a0$ et une peine d&#039;emprisonnement de cinq ans pour la fraude visant \u00e0 obtenir des prestations r\u00e9serv\u00e9es aux anciens combattants. La Louisiane est actuellement l&#039;un des quinze seuls \u00c9tats am\u00e9ricains \u00e0 ne pas disposer d&#039;une loi contre l&#039;usurpation de titres militaires.<\/p>\n<\/td>\n<\/tr>\n<\/table>\n<\/td>\n<\/tr>\n<p>  <!-- HB682 --><\/p>\n<tr>\n<td bgcolor=\"#ffffff\" style=\"padding:10px 24px; border-bottom:1px solid #eef1f4;\">\n<table width=\"100%\" border=\"0\" cellpadding=\"0\" cellspacing=\"0\">\n<tr valign=\"top\">\n<td width=\"16\">\n<div style=\"width:10px; height:10px; background:#e09120; border-radius:50%; margin-top:4px;\">&nbsp;<\/div>\n<\/td>\n<td style=\"padding-left:10px;\">\n<div style=\"font-size:12px; font-weight:bold; color:#273446; font-family:Arial,Helvetica,sans-serif;\">Projet de loi HB 682 \u2014 Les v\u00e9t\u00e9rans comme agents de ressources scolaires &nbsp;<span style=\"font-size:7px; font-weight:bold; letter-spacing:1px; text-transform:uppercase; background:#fdecd3; color:#a06010; padding:2px 6px; border-radius:2px;\">En attente<\/span><\/div>\n<p style=\"font-size:11px; color:#5a6e80; margin:4px 0 0 0; line-height:1.55; font-family:Arial,Helvetica,sans-serif;\">Le projet de loi 682, pr\u00e9sent\u00e9 par la d\u00e9put\u00e9e Kellee Dickerson (r\u00e9publicaine de Denham Springs), permettrait aux anciens combattants ayant quitt\u00e9 l&#039;arm\u00e9e avec les honneurs, apr\u00e8s v\u00e9rification de leurs ant\u00e9c\u00e9dents et formation minimale d&#039;agent de la paix, d&#039;exercer les fonctions d&#039;agents de liaison scolaire dans les \u00e9tablissements publics, priv\u00e9s et sous contrat de Louisiane. Ses partisans affirment qu&#039;il rem\u00e9die \u00e0 la p\u00e9nurie d&#039;agents de liaison scolaire dans tout l&#039;\u00c9tat et offre aux \u00e9l\u00e8ves davantage de professionnels qualifi\u00e9s et de mod\u00e8les \u00e0 suivre dans leurs \u00e9coles. La secr\u00e9taire Meginley a apport\u00e9 son soutien au projet de loi. <a href=\"https:\/\/bit.ly\/4cH0lDy\" style=\"color:#1EA6EB; font-weight:bold;\" target=\"_blank\" rel=\"noopener\">Regardez l&#039;interview \u2192<\/a><\/p>\n<\/td>\n<\/tr>\n<\/table>\n<\/td>\n<\/tr>\n<p>  <!-- HB609 --><\/p>\n<tr>\n<td bgcolor=\"#ffffff\" style=\"padding:10px 24px; border-bottom:1px solid #eef1f4;\">\n<table width=\"100%\" border=\"0\" cellpadding=\"0\" cellspacing=\"0\">\n<tr valign=\"top\">\n<td width=\"16\">\n<div style=\"width:10px; height:10px; background:#e09120; border-radius:50%; margin-top:4px;\">&nbsp;<\/div>\n<\/td>\n<td style=\"padding-left:10px;\">\n<div style=\"font-size:12px; font-weight:bold; color:#273446; font-family:Arial,Helvetica,sans-serif;\">Projet de loi HB 609 \u2014 Acc\u00e8s gratuit aux dossiers m\u00e9dicaux pour les anciens combattants demandant des prestations &nbsp;<span style=\"font-size:7px; font-weight:bold; letter-spacing:1px; text-transform:uppercase; background:#fdecd3; color:#a06010; padding:2px 6px; border-radius:2px;\">En attente<\/span><\/div>\n<p style=\"font-size:11px; color:#5a6e80; margin:4px 0 0 0; line-height:1.55; font-family:Arial,Helvetica,sans-serif;\">Le projet de loi 609 a \u00e9t\u00e9 adopt\u00e9 \u00e0 l&#039;unanimit\u00e9 par la Chambre des repr\u00e9sentants de Louisiane (93 voix contre 0) le 26 mars 2026 et est actuellement examin\u00e9 par le S\u00e9nat. S&#039;il est promulgu\u00e9, il obligera les professionnels de sant\u00e9 \u00e0 exon\u00e9rer de frais les anciens combattants de la communication des dossiers m\u00e9dicaux lorsqu&#039;ils en font la demande uniquement pour appuyer une demande d&#039;invalidit\u00e9 aupr\u00e8s du D\u00e9partement des anciens combattants (VA) f\u00e9d\u00e9ral ou du D\u00e9partement des anciens combattants de Louisiane (LDVA). Les anciens combattants n&#039;auront plus \u00e0 d\u00e9bourser d&#039;argent pour acc\u00e9der \u00e0 leur dossier m\u00e9dical afin de constituer leur dossier.<\/p>\n<\/td>\n<\/tr>\n<\/table>\n<\/td>\n<\/tr>\n<p>  <!-- SB180 --><\/p>\n<tr>\n<td bgcolor=\"#ffffff\" style=\"padding:10px 24px 22px 24px; border-bottom:1px solid #dde4eb;\">\n<table width=\"100%\" border=\"0\" cellpadding=\"0\" cellspacing=\"0\">\n<tr valign=\"top\">\n<td width=\"16\">\n<div style=\"width:10px; height:10px; background:#e09120; border-radius:50%; margin-top:4px;\">&nbsp;<\/div>\n<\/td>\n<td style=\"padding-left:10px;\">\n<div style=\"font-size:12px; font-weight:bold; color:#273446; font-family:Arial,Helvetica,sans-serif;\">SB 180 \u2014 Avantages fiscaux fonciers pour les conjoints survivants de v\u00e9t\u00e9rans handicap\u00e9s &nbsp;<span style=\"font-size:7px; font-weight:bold; letter-spacing:1px; text-transform:uppercase; background:#fdecd3; color:#a06010; padding:2px 6px; border-radius:2px;\">En attente<\/span><\/div>\n<p style=\"font-size:11px; color:#5a6e80; margin:4px 0 0 0; line-height:1.55; font-family:Arial,Helvetica,sans-serif;\">Le projet de loi 180 du S\u00e9nat, pr\u00e9sent\u00e9 par le s\u00e9nateur Franklin Foil, a \u00e9t\u00e9 adopt\u00e9 par le S\u00e9nat de Louisiane et est actuellement examin\u00e9 par la Chambre des repr\u00e9sentants. S&#039;il est promulgu\u00e9, il \u00e9tendrait l&#039;exon\u00e9ration de taxe fonci\u00e8re aux conjoints survivants de v\u00e9t\u00e9rans handicap\u00e9s apr\u00e8s le d\u00e9c\u00e8s de ce dernier. En vertu de la loi actuelle, cette exon\u00e9ration prend fin au d\u00e9c\u00e8s du v\u00e9t\u00e9ran. Le projet de loi 180 comblerait cette lacune et \u00e9viterait aux familles de subir une hausse d&#039;imp\u00f4t soudaine dans une p\u00e9riode d\u00e9j\u00e0 difficile.<\/p>\n<\/td>\n<\/tr>\n<\/table>\n<\/td>\n<\/tr>\n<p>  <!-- EVENTS HEADER --><\/p>\n<tr>\n<td bgcolor=\"#273446\" style=\"padding:22px 24px 16px 24px;\">\n<div style=\"font-size:10px; font-weight:bold; letter-spacing:2px; text-transform:uppercase; color:#ffffff; font-family:Arial,Helvetica,sans-serif;\">\ud83d\udcc5 \u00c9v\u00e9nements \u00e0 venir et appels \u00e0 l&#039;action<\/div>\n<\/td>\n<\/tr>\n<p>  <!-- EVENTS GRID --><\/p>\n<tr>\n<td bgcolor=\"#273446\" style=\"padding:0 24px 22px 24px;\">\n<table width=\"100%\" border=\"0\" cellpadding=\"0\" cellspacing=\"0\">\n<tr valign=\"top\">\n<p>          <!-- Event 1: Tabasco --><\/p>\n<td width=\"174\" bgcolor=\"#1d2c3c\" style=\"border-radius:3px; overflow:hidden;\">\n<table width=\"100%\" border=\"0\" cellpadding=\"0\" cellspacing=\"0\">\n<tr>\n<td bgcolor=\"#9D1728\" style=\"padding:8px 10px;\">\n<table border=\"0\" cellpadding=\"0\" cellspacing=\"0\">\n<tr valign=\"middle\">\n<td style=\"text-align:center; padding-right:8px;\">\n                        <span style=\"font-size:8px; font-weight:bold; letter-spacing:1px; text-transform:uppercase; color:rgba(255,255,255,0.8); display:block; font-family:Arial,Helvetica,sans-serif;\">Avr<\/span><br \/>\n                        <span style=\"font-size:24px; font-weight:900; color:#ffffff; line-height:1; display:block; font-family:Arial,Helvetica,sans-serif;\">30<\/span>\n                      <\/td>\n<td>\n<div style=\"font-size:10px; font-weight:bold; color:#ffffff; line-height:1.3; font-family:Arial,Helvetica,sans-serif;\">C\u00e9r\u00e9monie de remise de la m\u00e9daille d&#039;honneur TABASCO\u00ae<\/div>\n<div style=\"font-size:9px; color:rgba(255,255,255,0.7); margin-top:1px; font-family:Arial,Helvetica,sans-serif;\">\u00cele Avery, Louisiane<\/div>\n<\/td>\n<\/tr>\n<\/table>\n<\/td>\n<\/tr>\n<tr>\n<td style=\"padding:10px;\">\n<p style=\"font-size:10px; line-height:1.55; color:#8aabb8; margin:0 0 8px 0; font-family:Arial,Helvetica,sans-serif;\">Le secr\u00e9taire Meginley remet la m\u00e9daille d&#039;honneur de la Louisiane \u00e0 sept employ\u00e9s v\u00e9t\u00e9rans de la soci\u00e9t\u00e9 McIlhenny. 13h00.<\/p>\n<p>                  <a href=\"https:\/\/vetaffairs.la.gov\/fr\/la-secretaire-meginley-rendra-hommage-a-sept-employes-veterans-au-siege-social-de-tabasco-sur-lile-davery\/\" style=\"font-size:8px; font-weight:bold; letter-spacing:1px; text-transform:uppercase; color:#1EA6EB; text-decoration:none; font-family:Arial,Helvetica,sans-serif;\">En savoir plus \u2192<\/a>\n                <\/td>\n<\/tr>\n<\/table>\n<\/td>\n<td width=\"12\">&nbsp;<\/td>\n<p>          <!-- Event 2: Memorial Day --><\/p>\n<td width=\"174\" bgcolor=\"#1d2c3c\" style=\"border-radius:3px; overflow:hidden;\">\n<table width=\"100%\" border=\"0\" cellpadding=\"0\" cellspacing=\"0\">\n<tr>\n<td bgcolor=\"#1EA6EB\" style=\"padding:8px 10px;\">\n<table border=\"0\" cellpadding=\"0\" cellspacing=\"0\">\n<tr valign=\"middle\">\n<td style=\"text-align:center; padding-right:8px;\">\n                        <span style=\"font-size:8px; font-weight:bold; letter-spacing:1px; text-transform:uppercase; color:rgba(255,255,255,0.8); display:block; font-family:Arial,Helvetica,sans-serif;\">Peut<\/span><br \/>\n                        <span style=\"font-size:24px; font-weight:900; color:#ffffff; line-height:1; display:block; font-family:Arial,Helvetica,sans-serif;\">26<\/span>\n                      <\/td>\n<td>\n<div style=\"font-size:10px; font-weight:bold; color:#ffffff; line-height:1.3; font-family:Arial,Helvetica,sans-serif;\">C\u00e9r\u00e9monie du Jour du Souvenir<\/div>\n<div style=\"font-size:9px; color:rgba(255,255,255,0.7); margin-top:1px; font-family:Arial,Helvetica,sans-serif;\">Cimeti\u00e8res d&#039;anciens combattants de tous les \u00c9tats, Louisiane<\/div>\n<\/td>\n<\/tr>\n<\/table>\n<\/td>\n<\/tr>\n<tr>\n<td style=\"padding:10px;\">\n<p style=\"font-size:10px; line-height:1.55; color:#8aabb8; margin:0 0 8px 0; font-family:Arial,Helvetica,sans-serif;\">Rejoignez LDVA et les dirigeants de l&#039;\u00c9tat pour honorer les hommes et les femmes qui ont donn\u00e9 leur vie au service de notre nation.<\/p>\n<p>                  <a href=\"https:\/\/vetaffairs.la.gov\/fr\/evenements\/\" style=\"font-size:8px; font-weight:bold; letter-spacing:1px; text-transform:uppercase; color:#1EA6EB; text-decoration:none; font-family:Arial,Helvetica,sans-serif;\">En savoir plus \u2192<\/a>\n                <\/td>\n<\/tr>\n<\/table>\n<\/td>\n<td width=\"12\">&nbsp;<\/td>\n<p>          <!-- Event 3: Women Veterans --><\/p>\n<td width=\"174\" bgcolor=\"#1d2c3c\" style=\"border-radius:3px; overflow:hidden;\">\n<table width=\"100%\" border=\"0\" cellpadding=\"0\" cellspacing=\"0\">\n<tr>\n<td bgcolor=\"#1EA6EB\" style=\"padding:8px 10px;\">\n<table border=\"0\" cellpadding=\"0\" cellspacing=\"0\">\n<tr valign=\"middle\">\n<td style=\"text-align:center; padding-right:8px;\">\n                        <span style=\"font-size:8px; font-weight:bold; letter-spacing:1px; text-transform:uppercase; color:rgba(255,255,255,0.8); display:block; font-family:Arial,Helvetica,sans-serif;\">Juin<\/span><br \/>\n                        <span style=\"font-size:24px; font-weight:900; color:#ffffff; line-height:1; display:block; font-family:Arial,Helvetica,sans-serif;\">5<\/span>\n                      <\/td>\n<td>\n<div style=\"font-size:10px; font-weight:bold; color:#ffffff; line-height:1.3; font-family:Arial,Helvetica,sans-serif;\">C\u00e9l\u00e9bration des femmes v\u00e9t\u00e9ranes<\/div>\n<div style=\"font-size:9px; color:rgba(255,255,255,0.7); margin-top:1px; font-family:Arial,Helvetica,sans-serif;\">Section 38 de la L\u00e9gion am\u00e9ricaine, Baton Rouge, Louisiane<\/div>\n<\/td>\n<\/tr>\n<\/table>\n<\/td>\n<\/tr>\n<tr>\n<td style=\"padding:10px;\">\n<p style=\"font-size:10px; line-height:1.55; color:#8aabb8; margin:0 0 8px 0; font-family:Arial,Helvetica,sans-serif;\">L&#039;association LDVA organise une c\u00e9l\u00e9bration en l&#039;honneur des femmes v\u00e9t\u00e9ranes, avec comme conf\u00e9renci\u00e8re principale Anna Sanders, ancienne de l&#039;arm\u00e9e de l&#039;air. Au programme\u00a0: photos professionnelles gratuites, forum d&#039;information sur les prestations aux anciens combattants et rencontres professionnelles. De 10\u00a0h \u00e0 14\u00a0h. Ouvert \u00e0 tous.<\/p>\n<p>                  <a href=\"https:\/\/www.eventbrite.com\/e\/ldvas-women-veterans-celebration-tickets-1987531908441\" style=\"font-size:8px; font-weight:bold; letter-spacing:1px; text-transform:uppercase; color:#1EA6EB; text-decoration:none; font-family:Arial,Helvetica,sans-serif;\" target=\"_blank\" rel=\"noopener\">Inscrivez-vous maintenant \u2192<\/a>\n                <\/td>\n<\/tr>\n<\/table>\n<\/td>\n<\/tr>\n<\/table>\n<\/td>\n<\/tr>\n<p>  <!-- CTA BANNER --><\/p>\n<tr>\n<td bgcolor=\"#9D1728\" style=\"padding:18px 24px;\">\n<table width=\"100%\" border=\"0\" cellpadding=\"0\" cellspacing=\"0\">\n<tr valign=\"middle\">\n<td>\n<div style=\"font-size:16px; font-weight:bold; color:#ffffff; font-family:Arial,Helvetica,sans-serif;\">B\u00e9n\u00e9ficiez-vous de tous vos avantages ?<\/div>\n<div style=\"font-size:11px; color:rgba(255,255,255,0.8); margin-top:2px; font-family:Arial,Helvetica,sans-serif;\">Contactez un conseiller en prestations LDVA \u2014 c&#039;est gratuit, confidentiel et pour vous.<\/div>\n<\/td>\n<td align=\"right\" style=\"white-space:nowrap; padding-left:16px;\">\n            <a href=\"https:\/\/vetaffairs.la.gov\/fr\/lieux\/\" style=\"display:inline-block; background:#ffffff; color:#9D1728; font-size:9px; font-weight:bold; letter-spacing:1px; text-transform:uppercase; padding:10px 18px; text-decoration:none; border-radius:2px; font-family:Arial,Helvetica,sans-serif;\">Contactez-nous d\u00e8s aujourd&#039;hui<\/a>\n          <\/td>\n<\/tr>\n<\/table>\n<\/td>\n<\/tr>\n<p>  <!-- FOOTER --><\/p>\n<tr>\n<td bgcolor=\"#1d2c3c\" style=\"padding:20px 24px 16px 24px; text-align:center;\">\n<div style=\"font-size:13px; color:#8aabb8; margin-bottom:4px; font-family:Arial,Helvetica,sans-serif;\">Sur les Geaux avec <strong style=\"color:#1EA6EB;\">LDVA<\/strong><\/div>\n<div style=\"font-size:10px; color:#5a7285; margin-bottom:10px; font-family:Arial,Helvetica,sans-serif;\">D\u00e9partement des affaires des anciens combattants de la Louisiane<\/div>\n<p>      <img decoding=\"async\" src=\"https:\/\/vetaffairs.la.gov\/wp-content\/uploads\/2026\/04\/LOGO-ldva-WHITE_horizontal.png\" alt=\"Logo LDVA\" width=\"200\" style=\"display:block; margin:0 auto 10px auto; width:200px;\"><\/p>\n<div style=\"font-size:10px; color:#5a7285; line-height:1.5; margin-bottom:12px; font-family:Arial,Helvetica,sans-serif;\">\n        602 N. Cinqui\u00e8me rue \u00b7 Baton Rouge, LA 70802<br \/>\n        vetaffairs.la.gov \u00b7 1-877-838-5877\n      <\/div>\n<table border=\"0\" cellpadding=\"0\" cellspacing=\"0\" align=\"center\">\n<tr>\n<td style=\"padding:0 9px;\"><a href=\"#\" style=\"font-size:9px; font-weight:bold; letter-spacing:1px; text-transform:uppercase; color:#5a7285; text-decoration:none; font-family:Arial,Helvetica,sans-serif;\">Se d\u00e9sabonner<\/a><\/td>\n<td style=\"padding:0 9px;\"><a href=\"#\" style=\"font-size:9px; font-weight:bold; letter-spacing:1px; text-transform:uppercase; color:#5a7285; text-decoration:none; font-family:Arial,Helvetica,sans-serif;\">Voir en ligne<\/a><\/td>\n<td style=\"padding:0 9px;\"><a href=\"https:\/\/vetaffairs.la.gov\/fr\/\" style=\"font-size:9px; font-weight:bold; letter-spacing:1px; text-transform:uppercase; color:#5a7285; text-decoration:none; font-family:Arial,Helvetica,sans-serif;\">Site Web de LDVA<\/a><\/td>\n<td style=\"padding:0 9px;\"><a href=\"https:\/\/vetaffairs.la.gov\/fr\/contact\/\" style=\"font-size:9px; font-weight:bold; letter-spacing:1px; text-transform:uppercase; color:#5a7285; text-decoration:none; font-family:Arial,Helvetica,sans-serif;\">Contactez-nous<\/a><\/td>\n<\/tr>\n<\/table>\n<\/td>\n<\/tr>\n<\/table>\n<p><!-- END EMAIL CONTAINER --><\/p>\n<\/td>\n<\/tr>\n<\/table>\n<p><!-- END WRAPPER --><\/p>\n<p><\/body><br \/>\n<\/html><\/p>","protected":false},"excerpt":{"rendered":"<p>En route avec le LDVA \u2013 Num\u00e9ro 01, Printemps 2026 En route avec le LDVA D\u00e9partement des affaires des anciens combattants de Louisiane\u2026<\/p>","protected":false},"author":11,"featured_media":6739,"comment_status":"closed","ping_status":"closed","sticky":false,"template":"","format":"standard","meta":{"_acf_changed":false,"footnotes":"","_links_to":"","_links_to_target":""},"categories":[1,16],"tags":[216],"class_list":["post-6760","post","type-post","status-publish","format-standard","has-post-thumbnail","hentry","category-news","category-stories","tag-newsletter"],"acf":[],"_links":{"self":[{"href":"https:\/\/vetaffairs.la.gov\/fr\/wp-json\/wp\/v2\/posts\/6760","targetHints":{"allow":["GET"]}}],"collection":[{"href":"https:\/\/vetaffairs.la.gov\/fr\/wp-json\/wp\/v2\/posts"}],"about":[{"href":"https:\/\/vetaffairs.la.gov\/fr\/wp-json\/wp\/v2\/types\/post"}],"author":[{"embeddable":true,"href":"https:\/\/vetaffairs.la.gov\/fr\/wp-json\/wp\/v2\/users\/11"}],"replies":[{"embeddable":true,"href":"https:\/\/vetaffairs.la.gov\/fr\/wp-json\/wp\/v2\/comments?post=6760"}],"version-history":[{"count":0,"href":"https:\/\/vetaffairs.la.gov\/fr\/wp-json\/wp\/v2\/posts\/6760\/revisions"}],"wp:featuredmedia":[{"embeddable":true,"href":"https:\/\/vetaffairs.la.gov\/fr\/wp-json\/wp\/v2\/media\/6739"}],"wp:attachment":[{"href":"https:\/\/vetaffairs.la.gov\/fr\/wp-json\/wp\/v2\/media?parent=6760"}],"wp:term":[{"taxonomy":"category","embeddable":true,"href":"https:\/\/vetaffairs.la.gov\/fr\/wp-json\/wp\/v2\/categories?post=6760"},{"taxonomy":"post_tag","embeddable":true,"href":"https:\/\/vetaffairs.la.gov\/fr\/wp-json\/wp\/v2\/tags?post=6760"}],"curies":[{"name":"wp","href":"https:\/\/api.w.org\/{rel}","templated":true}]}}