{"id":6681,"date":"2026-03-09T07:58:13","date_gmt":"2026-03-09T12:58:13","guid":{"rendered":"https:\/\/vetaffairs.la.gov\/?p=6681"},"modified":"2026-03-09T10:39:06","modified_gmt":"2026-03-09T15:39:06","slug":"le-gouverneur-jeff-landry-remettra-la-distinguished-flying-cross-a-lancien-sergent-chef-technique-de-la-garde-nationale-aerienne-de-lalaska-adam-brister","status":"publish","type":"post","link":"https:\/\/vetaffairs.la.gov\/fr\/governor-jeff-landry-to-present-distinguished-flying-cross-to-former-alaska-air-national-guard-technical-sergeant-adam-brister","title":{"rendered":"LE GOUVERNEUR JEFF LANDRY REMETTRA LA DISTINGUISH VOLING CROSS \u00c0 L&#039;ANCIEN SERGENT-TECHNIQUE DE LA GARDE NATIONALE A\u00c9RIENNE DE L&#039;ALASKA, ADAM BRISTER"},"content":{"rendered":"<p>POUR DIFFUSION IMM\u00c9DIATE<\/p>\n<p>9 mars 2026<\/p>\n<p>Une c\u00e9r\u00e9monie aura lieu aujourd&#039;hui dans l&#039;h\u00e9micycle de la Chambre des repr\u00e9sentants de Louisiane vers 13h45\u00a0; des membres de la Garde nationale de l&#039;Alaska se d\u00e9placent pour assister \u00e0 cet hommage.<\/p>\n<p>BATON ROUGE, Louisiane \u2014 Le gouverneur Jeff Landry remettra la Distinguished Flying Cross au sergent-chef Adam Brister, ancien membre de la Garde nationale a\u00e9rienne de l&#039;Alaska, lors d&#039;une c\u00e9r\u00e9monie qui se tiendra dans l&#039;h\u00e9micycle de la Chambre des repr\u00e9sentants de Louisiane vers 13h45. Cette remise de d\u00e9corations aura lieu \u00e0 l&#039;occasion de l&#039;ouverture de la session l\u00e9gislative de 2026, et des membres de l&#039;ancienne unit\u00e9 de la Garde nationale de l&#039;Alaska du sergent-chef Brister se seront d\u00e9plac\u00e9s \u00e0 Baton Rouge pour \u00eatre \u00e0 ses c\u00f4t\u00e9s pour l&#039;occasion.<\/p>\n<p>La Distinguished Flying Cross est d\u00e9cern\u00e9e aux membres des forces arm\u00e9es des \u00c9tats-Unis pour acte d&#039;h\u00e9ro\u00efsme ou exploit exceptionnel accompli en vol. Cet acte d&#039;h\u00e9ro\u00efsme et cet exploit doivent \u00eatre tout \u00e0 fait exceptionnels et concerner des op\u00e9rations non routini\u00e8res. La d\u00e9coration a \u00e9t\u00e9 d\u00e9cern\u00e9e pour la premi\u00e8re fois au capitaine Charles A. Lindbergh suite \u00e0 son vol transatlantique historique en solitaire de 5\u00a0800 kilom\u00e8tres (3\u00a0600 miles) en 1927.<\/p>\n<p>Le sergent-chef Brister a m\u00e9rit\u00e9 cette distinction pour un acte de bravoure extraordinaire accompli le 23 juin 2018 dans la cha\u00eene de montagnes Neacola, en Alaska. Son \u00e9quipe avait pour mission de secourir un alpiniste gri\u00e8vement bless\u00e9, suspendu \u00e0 une corde apr\u00e8s une chute de 30 m\u00e8tres sur une falaise de 1\u00a0676 m\u00e8tres. Les conditions m\u00e9t\u00e9orologiques emp\u00eachant toute tentative d&#039;h\u00e9litreuillage, le sergent-chef Brister a \u00e9t\u00e9 d\u00e9pos\u00e9 sur le glacier en contrebas du survivant et a gravi un couloir de neige adjacent pour rejoindre l&#039;alpiniste en d\u00e9tresse. Profitant d&#039;une br\u00e8ve \u00e9claircie, l&#039;\u00e9quipage de l&#039;h\u00e9licopt\u00e8re a r\u00e9cup\u00e9r\u00e9 le sergent-chef Brister et a entrepris un h\u00e9litreuillage de nuit en haute altitude. Approchant du patient avec une visibilit\u00e9 r\u00e9duite, \u00e0 la limite de la puissance de l&#039;appareil et les pales du rotor \u00e0 seulement un m\u00e8tre de la paroi, le sergent-chef Brister a \u00e9t\u00e9 hiss\u00e9 \u00e0 27 m\u00e8tres de hauteur sur une plateforme de 12 centim\u00e8tres. Dans un effort hercul\u00e9en, il a soulev\u00e9 la corde alourdie de l&#039;alpiniste et a attach\u00e9 le patient inconscient \u00e0 son propre harnais de sauvetage. Lors d&#039;une violente turbulence qui a emm\u00eal\u00e9 le c\u00e2ble pendant le treuillage, le sergent-chef Brister a maintenu le patient en s\u00e9curit\u00e9 tout en coupant le c\u00e2ble emm\u00eal\u00e9, sauvant ainsi le survivant et l&#039;h\u00e9licopt\u00e8re. Il lui a ensuite prodigu\u00e9 des soins m\u00e9dicaux avanc\u00e9s vitaux tout au long du vol.<\/p>\n<p>La c\u00e9r\u00e9monie se d\u00e9roulera \u00e9galement en pr\u00e9sence du repr\u00e9sentant Ventrella, de l&#039;\u00e9pouse du sergent-chef Brister et d&#039;un membre de la l\u00e9gislature de Louisiane, ainsi que de hauts responsables militaires et de l&#039;\u00c9tat.<br \/>\nnotamment le secr\u00e9taire aux Anciens Combattants Charlton Meginley, le major-g\u00e9n\u00e9ral Greer et le colonel Romspert.<\/p>\n<p>\u201c Au nom du D\u00e9partement des affaires des anciens combattants de Louisiane, je tiens \u00e0 exprimer notre profonde gratitude au gouverneur Landry d&#039;avoir pris le temps d&#039;honorer personnellement le sergent-chef Brister en lui d\u00e9cernant cette distinction bien m\u00e9rit\u00e9e. Nous sommes \u00e9galement infiniment reconnaissants aux membres de la Garde nationale de l&#039;Alaska qui ont fait un si long voyage pour \u00eatre pr\u00e9sents aujourd&#039;hui\u00a0; votre pr\u00e9sence t\u00e9moigne du courage de ceux qui servent leur pays. Je souhaite \u00e9galement saluer le repr\u00e9sentant Ventrella, dont le lien avec le sergent-chef Brister nous rappelle combien les liens familiaux et militaires sont forts dans notre \u00c9tat. Le courage dont a fait preuve le sergent-chef Brister dans les conditions les plus extr\u00eames est un exemple de tout ce qui nous est cher chez nos anciens combattants, et c&#039;est un honneur pour nous de le c\u00e9l\u00e9brer aujourd&#039;hui \u201d, a d\u00e9clar\u00e9 Charlton Meginley, secr\u00e9taire du D\u00e9partement des affaires des anciens combattants de Louisiane et colonel (\u00e0 la retraite) de l&#039;Arm\u00e9e de l&#039;air des \u00c9tats-Unis.<\/p>\n<p>Veuillez consulter le site https:\/\/vetaffairs.la.gov\/news pour les derniers communiqu\u00e9s, photos et vid\u00e9os du D\u00e9partement des affaires des anciens combattants de la Louisiane.<br \/>\n###<\/p>","protected":false},"excerpt":{"rendered":"<p>POUR DIFFUSION IMM\u00c9DIATE 9 mars 2026 C\u00e9r\u00e9monie qui se tiendra aujourd&#039;hui dans l&#039;h\u00e9micycle de la Chambre des repr\u00e9sentants de la Louisiane vers 13h45\u00a0;\u2026<\/p>","protected":false},"author":11,"featured_media":0,"comment_status":"closed","ping_status":"closed","sticky":false,"template":"","format":"standard","meta":{"_acf_changed":false,"footnotes":"","_links_to":"","_links_to_target":""},"categories":[25,1,16],"tags":[75,203],"class_list":["post-6681","post","type-post","status-publish","format-standard","hentry","category-events","category-news","category-stories","tag-events","tag-news"],"acf":[],"_links":{"self":[{"href":"https:\/\/vetaffairs.la.gov\/fr\/wp-json\/wp\/v2\/posts\/6681","targetHints":{"allow":["GET"]}}],"collection":[{"href":"https:\/\/vetaffairs.la.gov\/fr\/wp-json\/wp\/v2\/posts"}],"about":[{"href":"https:\/\/vetaffairs.la.gov\/fr\/wp-json\/wp\/v2\/types\/post"}],"author":[{"embeddable":true,"href":"https:\/\/vetaffairs.la.gov\/fr\/wp-json\/wp\/v2\/users\/11"}],"replies":[{"embeddable":true,"href":"https:\/\/vetaffairs.la.gov\/fr\/wp-json\/wp\/v2\/comments?post=6681"}],"version-history":[{"count":0,"href":"https:\/\/vetaffairs.la.gov\/fr\/wp-json\/wp\/v2\/posts\/6681\/revisions"}],"wp:attachment":[{"href":"https:\/\/vetaffairs.la.gov\/fr\/wp-json\/wp\/v2\/media?parent=6681"}],"wp:term":[{"taxonomy":"category","embeddable":true,"href":"https:\/\/vetaffairs.la.gov\/fr\/wp-json\/wp\/v2\/categories?post=6681"},{"taxonomy":"post_tag","embeddable":true,"href":"https:\/\/vetaffairs.la.gov\/fr\/wp-json\/wp\/v2\/tags?post=6681"}],"curies":[{"name":"wp","href":"https:\/\/api.w.org\/{rel}","templated":true}]}}