{"id":6351,"date":"2025-10-17T09:46:49","date_gmt":"2025-10-17T14:46:49","guid":{"rendered":"https:\/\/vetaffairs.la.gov\/?p=6351"},"modified":"2025-10-17T09:46:49","modified_gmt":"2025-10-17T14:46:49","slug":"el-gobernador-proclama-la-semana-de-las-pequenas-empresas-de-veteranos-de-luisiana-para-honrar-y-apoyar-a-las-empresas-propiedad-de-veteranos","status":"publish","type":"post","link":"https:\/\/vetaffairs.la.gov\/es\/governor-proclaims-louisiana-veterans-small-business-week-to-honor-and-support-veteran-owned-businesses","title":{"rendered":"El gobernador proclama la Semana de la Peque\u00f1a Empresa de Veteranos de Luisiana para honrar y apoyar a las empresas propiedad de veteranos."},"content":{"rendered":"<figure id=\"attachment_6354\" aria-describedby=\"caption-attachment-6354\" style=\"width: 241px\" class=\"wp-caption alignnone\"><img fetchpriority=\"high\" decoding=\"async\" class=\"size-medium wp-image-6354\" src=\"https:\/\/vetaffairs.la.gov\/wp-content\/uploads\/2025\/10\/Louisiana_Veterans_Small_Business_Week_signed-241x400.jpg\" alt=\"Proclamaci\u00f3n del Gobernador Landry\" width=\"241\" height=\"400\" srcset=\"https:\/\/vetaffairs.la.gov\/wp-content\/uploads\/2025\/10\/Louisiana_Veterans_Small_Business_Week_signed-241x400.jpg 241w, https:\/\/vetaffairs.la.gov\/wp-content\/uploads\/2025\/10\/Louisiana_Veterans_Small_Business_Week_signed-768x1277.jpg 768w, https:\/\/vetaffairs.la.gov\/wp-content\/uploads\/2025\/10\/Louisiana_Veterans_Small_Business_Week_signed-924x1536.jpg 924w, https:\/\/vetaffairs.la.gov\/wp-content\/uploads\/2025\/10\/Louisiana_Veterans_Small_Business_Week_signed-1232x2048.jpg 1232w, https:\/\/vetaffairs.la.gov\/wp-content\/uploads\/2025\/10\/Louisiana_Veterans_Small_Business_Week_signed-scaled.jpg 1540w\" sizes=\"(max-width: 241px) 100vw, 241px\" \/><figcaption id=\"caption-attachment-6354\" class=\"wp-caption-text\">Proclamaci\u00f3n del Gobernador Landry<\/figcaption><\/figure>\n<p data-start=\"157\" data-end=\"187\"><strong data-start=\"160\" data-end=\"185\">PARA PUBLICACI\u00d3N INMEDIATA<\/strong><\/p>\n<p data-start=\"188\" data-end=\"210\">17 de octubre de 2025<\/p>\n<p data-start=\"212\" data-end=\"323\"><strong data-start=\"216\" data-end=\"323\">El gobernador proclama la Semana de la Peque\u00f1a Empresa de Veteranos de Luisiana para honrar y apoyar a las empresas propiedad de veteranos.<\/strong><\/p>\n<p data-start=\"325\" data-end=\"609\"><strong data-start=\"325\" data-end=\"345\">BATON ROUGE, Luisiana.<\/strong> \u2014 El gobernador Jeff Landry ha proclamado <strong data-start=\"384\" data-end=\"449\">Del 3 al 7 de noviembre de 2025, se celebra la Semana de la Peque\u00f1a Empresa de Veteranos de Luisiana.<\/strong>, reconociendo el papel vital que desempe\u00f1an las peque\u00f1as empresas propiedad de veteranos en el impulso de la econom\u00eda de Luisiana, el fomento de la innovaci\u00f3n y el fortalecimiento de las comunidades locales.<\/p>\n<p data-start=\"611\" data-end=\"976\">Los veteranos aportan al mundo empresarial la misma dedicaci\u00f3n, disciplina y liderazgo que caracterizaron su servicio militar, contribuyendo as\u00ed al crecimiento econ\u00f3mico, la creaci\u00f3n de empleo y el desarrollo comunitario de Luisiana. En todos los sectores, desde la construcci\u00f3n hasta la tecnolog\u00eda, pasando por la agricultura y el comercio minorista, los veteranos emprendedores siguen dejando una huella imborrable en el \u00e9xito del estado.<\/p>\n<p data-start=\"978\" data-end=\"1360\">El Departamento de Asuntos de Veteranos de Luisiana (LDVA) se une a la celebraci\u00f3n de los veteranos empresarios en todo el estado y anima a todos los habitantes de Luisiana a apoyar e impulsar a estos emprendedores no solo esta semana, sino durante todo el a\u00f1o. Al comprar en negocios propiedad de veteranos, contratar sus servicios y colaborar con ellos, los residentes contribuyen a garantizar el crecimiento y el \u00e9xito continuos de quienes han servido a la patria.<\/p>\n<p data-start=\"1362\" data-end=\"1555\">Para brindar mayor asistencia a los veteranos emprendedores de Luisiana, el estado, junto con la SBA, ofrece una variedad de programas y recursos dise\u00f1ados para capacitar a los veteranos para que inicien, hagan crecer y mantengan sus negocios, que incluyen:<\/p>\n<ul data-start=\"1556\" data-end=\"1977\">\n<li><a href=\"https:\/\/vetaffairs.la.gov\/es\/ubicaciones\/\"><strong data-start=\"1809\" data-end=\"1853\">Departamento de Asuntos de Veteranos de Luisiana<\/strong><\/a> \u2013 Conecta a los veteranos con beneficios estatales y federales, incluyendo apoyo para el desarrollo empresarial y la participaci\u00f3n comunitaria.<\/li>\n<li data-start=\"1686\" data-end=\"1806\">\n<p data-start=\"1688\" data-end=\"1806\"><a href=\"https:\/\/www.sba.gov\/sba-learning-platform\/boots-business\" target=\"_blank\" rel=\"noopener\"><strong data-start=\"1688\" data-end=\"1721\">Programa de la SBA de Botas a Negocios<\/strong><\/a> \u2013 Proporciona formaci\u00f3n y orientaci\u00f3n a los veteranos que se incorporan al mundo empresarial.<\/p>\n<\/li>\n<\/ul>\n<p data-start=\"1979\" data-end=\"2232\">La Semana de la Peque\u00f1a Empresa de Veteranos de Luisiana sirve como recordatorio del valor perdurable que los veteranos aportan a la econom\u00eda del estado y de la importancia de apoyarlos mientras construyen el siguiente cap\u00edtulo de su servicio, a trav\u00e9s de la propiedad y el liderazgo empresarial.<\/p>\n<p data-start=\"1979\" data-end=\"2232\">###<\/p>","protected":false},"excerpt":{"rendered":"<p>PARA DIFUSI\u00d3N INMEDIATA 17 de octubre de 2025 El gobernador proclama la Semana de las Peque\u00f1as Empresas de Veteranos de Luisiana para honrar y apoyar a las empresas propiedad de veteranos BATON\u2026<\/p>","protected":false},"author":11,"featured_media":0,"comment_status":"closed","ping_status":"closed","sticky":false,"template":"","format":"standard","meta":{"_acf_changed":false,"footnotes":"","_links_to":"","_links_to_target":""},"categories":[1],"tags":[74,139],"class_list":["post-6351","post","type-post","status-publish","format-standard","hentry","category-news","tag-benefits","tag-resources"],"acf":[],"_links":{"self":[{"href":"https:\/\/vetaffairs.la.gov\/es\/wp-json\/wp\/v2\/posts\/6351","targetHints":{"allow":["GET"]}}],"collection":[{"href":"https:\/\/vetaffairs.la.gov\/es\/wp-json\/wp\/v2\/posts"}],"about":[{"href":"https:\/\/vetaffairs.la.gov\/es\/wp-json\/wp\/v2\/types\/post"}],"author":[{"embeddable":true,"href":"https:\/\/vetaffairs.la.gov\/es\/wp-json\/wp\/v2\/users\/11"}],"replies":[{"embeddable":true,"href":"https:\/\/vetaffairs.la.gov\/es\/wp-json\/wp\/v2\/comments?post=6351"}],"version-history":[{"count":0,"href":"https:\/\/vetaffairs.la.gov\/es\/wp-json\/wp\/v2\/posts\/6351\/revisions"}],"wp:attachment":[{"href":"https:\/\/vetaffairs.la.gov\/es\/wp-json\/wp\/v2\/media?parent=6351"}],"wp:term":[{"taxonomy":"category","embeddable":true,"href":"https:\/\/vetaffairs.la.gov\/es\/wp-json\/wp\/v2\/categories?post=6351"},{"taxonomy":"post_tag","embeddable":true,"href":"https:\/\/vetaffairs.la.gov\/es\/wp-json\/wp\/v2\/tags?post=6351"}],"curies":[{"name":"wp","href":"https:\/\/api.w.org\/{rel}","templated":true}]}}